{"id":515,"date":"2023-03-29T14:48:10","date_gmt":"2023-03-29T14:48:10","guid":{"rendered":"https:\/\/www.fastcloudconsulting.com\/es\/?p=515"},"modified":"2023-03-29T15:02:14","modified_gmt":"2023-03-29T15:02:14","slug":"todos-los-dias-es-el-dia-de-la-tierra-pero-por-que-se-celebra-el-22-de-abril","status":"publish","type":"post","link":"https:\/\/www.fastcloudconsulting.com\/es\/blog\/todos-los-dias-es-el-dia-de-la-tierra-pero-por-que-se-celebra-el-22-de-abril\/","title":{"rendered":"Todos los d\u00edas es el D\u00eda de la Tierra, pero \u00bfPor qu\u00e9 se celebra el 22 de abril?"},"content":{"rendered":"<p>Seg\u00fan Kathleen Rogers, presidenta de la organizaci\u00f3n del D\u00eda de la Tierra en Washington y una de las primeras fundadoras de la organizaci\u00f3n del D\u00eda de la Tierra,&nbsp; la principal raz\u00f3n para elegir el 22 de abril de 1970 como el primer D\u00eda de la Tierra porque ese a\u00f1o cay\u00f3 en mi\u00e9rcoles, el d\u00eda ideal de la semana para convocar una manifestaci\u00f3n por el medio ambiente en todo el pa\u00eds en su entrevista para National Geographic.<\/p>\n<p>\u201cTodo funcion\u00f3 a la perfecci\u00f3n porque todos asistieron al mitin al final de su jornada laboral\u201d, dijo Kathleen.<\/p>\n<p>Aunque la marcha se origin\u00f3 en 1970, no fue hasta 2009 que Naciones Unidas proclam\u00f3 el 22 de abril como el D\u00eda Internacional de la Madre Tierra. Sus or\u00edgenes se remontan a la d\u00e9cada de 1960 en Estados Unidos donde, seg\u00fan Rogers, \u201ccaminar por el centro en hora punta era un riesgo ya que probablemente no pod\u00edas ver nada debido a la contaminaci\u00f3n\u201d. Si bien este problema ya estaba presente en varias ciudades del pa\u00eds, el ambientalismo y la sustentabilidad de las operaciones industriales no estaban en la agenda de la pol\u00edtica central de la naci\u00f3n.<\/p>\n<p><a href=\"https:\/\/www.encyclopedia.com\/humanities\/encyclopedias-almanacs-transcripts-and-maps\/nelson-gaylord-anton\">Gaylord Nelson<\/a>, entonces un activista y senador de Wisconsin, hoy considerado el fundador del D\u00eda de la Tierra, tuvo la idea de organizar una protesta a favor del medio ambiente el 22 de abril de 1970, frente al Independence Mall de Filadelfia, al mejor estilo de las manifestaciones en contra la Guerra de Vietnam, \u00abFue un frenes\u00ed\u00bb, escribi\u00f3 Nelson.<\/p>\n<p>Ocho meses despu\u00e9s de la multitudinaria manifestaci\u00f3n, el entonces presidente de los Estados Unidos, Richard Nixon, fund\u00f3 la Agencia de Protecci\u00f3n Ambiental para supervisar y controlar la ya publicada Ley Nacional de Pol\u00edtica Ambiental, la Ley de Seguridad y Salud Ocupacional y la Ley de Aire Limpio, desde entonces los esfuerzos incorporar la sustentabilidad y el ambientalismo para la protecci\u00f3n del medio ambiente han ido ganando espacio pol\u00edtico.<\/p>\n<h2>\u00bfCu\u00e1l es el prop\u00f3sito del D\u00eda de la Tierra?<\/h2>\n<p>El compromiso de maximizar los esfuerzos por la educaci\u00f3n y el control de medidas sostenibles con el planeta, por el uso de productos m\u00e1s ecol\u00f3gicos, las bombillas de bajo consumo y, en especial, por promover la generaci\u00f3n de Energ\u00eda Verde. Hoy vivimos en la 4ta Revoluci\u00f3n Industrial, estamos en la Era del cliente, el cliente de una Generaci\u00f3n Verde que valora el compromiso de las Industrias y los Gobiernos con la sustentabilidad del desarrollo y como este afecta al medio ambiente.&nbsp;<\/p>\n<p>Sab\u00eda usted que<a href=\"https:\/\/www.un.org\/millenniumgoals\/environ.shtml\"> Garantizar la sostenibilidad ambiental<\/a> cu\u00e1l es la meta del s\u00e9ptimo milenio?&nbsp;<\/p>\n<p>Si has notado que existe un modelo de incentivos cada vez mayor tanto para empresas privadas, gobiernos e instituciones p\u00fablicas para restaurar bosques y comprometerse con las emisiones netas cero, es porque todas estas son las metas del objetivo No. 7 que son: Incorporar los principios del desarrollo sostenible en pol\u00edticas y programas nacionales e invertir la p\u00e9rdida de recursos ambientales, Reducir la p\u00e9rdida de biodiversidad, logr\u00f3, para 2010, una reducci\u00f3n significativa en la tasa de p\u00e9rdida, Reducir a la mitad, para 2015, el porcentaje de personas sin acceso sostenible al agua potable y servicios b\u00e1sicos de saneamiento y Haber mejorado significativamente, para el a\u00f1o 2020, la vida de al menos 100 millones de habitantes de barrios marginales, todo esto es medible a trav\u00e9s de 10 sub-objetivos relevantes para la sostenibilidad, estrechamente relacionados con las actividades industriales:<\/p>\n<ol>\n<li>Proporci\u00f3n de la superficie terrestre cubierta por bosques.<\/li>\n<li>Emisiones de di\u00f3xido de carbono.<\/li>\n<li>Consumo de sustancias que agotan la capa de ozono.<\/li>\n<li>Proporci\u00f3n de poblaciones de peces que se encuentran dentro de los l\u00edmites biol\u00f3gicos seguros.<\/li>\n<li>Proporci\u00f3n de recursos h\u00eddricos totales utilizados.<\/li>\n<li>Proporci\u00f3n de \u00e1reas terrestres y marinas protegidas.<\/li>\n<li>Proporci\u00f3n de especies en peligro de extinci\u00f3n.<\/li>\n<li>Proporci\u00f3n de la poblaci\u00f3n que utiliza fuentes mejoradas de agua potable suministro de agua.<\/li>\n<li>Proporci\u00f3n de la poblaci\u00f3n que utiliza servicios de saneamiento mejorados.<\/li>\n<li>Proporci\u00f3n de la poblaci\u00f3n urbana que vive en barrios marginales.<\/li>\n<\/ol>\n<p>\u201cLa sostenibilidad ambiental se refiere al aspecto ambiental inseparable pero distinguible del desarrollo sostenible: responder a las necesidades humanas presentes sin destruir la capacidad del medio ambiente para satisfacer estas necesidades a largo plazo\u201d.<\/p>\n<p>La crisis clim\u00e1tica global provocada por la emisi\u00f3n de gases contaminantes es el desaf\u00edo m\u00e1s importante para la humanidad en la actualidad. El cambio clim\u00e1tico impacta a todos y de manera desproporcionada a las sociedades m\u00e1s vulnerables, ampliando la brecha de desigualdad.&nbsp;<\/p>\n<p>&nbsp;\u201cSolo podemos tener \u00e9xito si el mundo tiene \u00e9xito\u201d es una de las proclamaciones de Salesforce sobre la sostenibilidad, que ofrece un futuro sostenible al hacer que las empresas m\u00e1s grandes del mundo sean cero emisiones de carbono.<\/p>\n<p>Cuando se habla de \u201ccarbono neto cero\u201d, es crucial especificar el carbono o las emisiones netas cero. Por el contrario, las \u201cemisiones netas cero\u201d se refieren al balance global de emisiones de gases de efecto invernadero (GEI) producidas y emisiones de GEI eliminadas de la atm\u00f3sfera. Jos\u00e9 Mar\u00eda Puerta explica en su art\u00edculo<a href=\"https:\/\/www.linkedin.com\/pulse\/diferencias-y-similitudes-entre-carbon-neutral-puerta-gonz%C3%A1lez-%E9%A9%AC%E5%B8%8C%E6%96%87-\/?originalSubdomain=es\"> Diferencias y similitudes entre Carbon-neutral, Net-Zero y Climate Positive<\/a>.<\/p>\n<p>Salesforce hoy tiene cero emisiones de carbono y su compromiso no solo abarca las operaciones de su empresa sino que tambi\u00e9n ayuda a las empresas m\u00e1s grandes del mundo a alcanzar esta meta, tomando muy en serio lo establecido seg\u00fan<a href=\"https:\/\/unfccc.int\/process-and-meetings\/the-paris-agreement\/the-paris-agreement\"> El Acuerdo de Par\u00eds<\/a>, cero emisiones de carbono al 2050, permitiendo, a trav\u00e9s de la medici\u00f3n efectiva y el seguimiento \u00e1gil de las emisiones de carbono, tomar las mejores iniciativas para alcanzar las cero emisiones de carbono con Net Zero Cloud.<\/p>\n<h2>\u00bfC\u00f3mo funciona el Acuerdo de Par\u00eds?<\/h2>\n<p>La activaci\u00f3n del Acuerdo de Par\u00eds requiere la implementaci\u00f3n de una transformaci\u00f3n social y econ\u00f3mica basada en la mejor ciencia disponible; este acuerdo trabaja en un ambicioso aumento de las acciones clim\u00e1ticas por 5 a\u00f1os realizadas por las naciones miembros. En 2020, los pa\u00edses miembros de la ONU ingresaron sus planes de contribuci\u00f3n para acciones a favor del clima conocidos como Contribuciones Nacionales Determinadas, en los cuales comunican las acciones que realizar\u00e1n para reducir la emisi\u00f3n de gases de efecto invernadero para lograr los objetivos del Acuerdo de Par\u00eds.<\/p>\n<blockquote><p>El cambio clim\u00e1tico ya est\u00e1 aqu\u00ed y revertir los efectos de la contaminaci\u00f3n ambiental para preservar nuestro planeta, utilizando pr\u00e1cticas ecosostenibles para lograr la meta del Acuerdo de Par\u00eds y los Objetivos del Milenio es una obligaci\u00f3n de todos.<\/p><\/blockquote>\n","protected":false},"excerpt":{"rendered":"<p>Seg\u00fan Kathleen Rogers, presidenta de la organizaci\u00f3n del D\u00eda de la Tierra en Washington y una de las primeras fundadoras de la organizaci\u00f3n del D\u00eda de la Tierra,&nbsp; la principal raz\u00f3n para elegir el 22 de abril de 1970 como el primer D\u00eda de la Tierra porque ese a\u00f1o cay\u00f3 en mi\u00e9rcoles, el d\u00eda ideal [&hellip;]<\/p>\n","protected":false},"author":1,"featured_media":520,"comment_status":"open","ping_status":"open","sticky":false,"template":"","format":"standard","meta":{"footnotes":""},"categories":[30],"tags":[],"class_list":["post-515","post","type-post","status-publish","format-standard","has-post-thumbnail","hentry","category-blog","post-wrapper","thrv_wrapper"],"_links":{"self":[{"href":"https:\/\/www.fastcloudconsulting.com\/es\/wp-json\/wp\/v2\/posts\/515","targetHints":{"allow":["GET"]}}],"collection":[{"href":"https:\/\/www.fastcloudconsulting.com\/es\/wp-json\/wp\/v2\/posts"}],"about":[{"href":"https:\/\/www.fastcloudconsulting.com\/es\/wp-json\/wp\/v2\/types\/post"}],"author":[{"embeddable":true,"href":"https:\/\/www.fastcloudconsulting.com\/es\/wp-json\/wp\/v2\/users\/1"}],"replies":[{"embeddable":true,"href":"https:\/\/www.fastcloudconsulting.com\/es\/wp-json\/wp\/v2\/comments?post=515"}],"version-history":[{"count":4,"href":"https:\/\/www.fastcloudconsulting.com\/es\/wp-json\/wp\/v2\/posts\/515\/revisions"}],"predecessor-version":[{"id":521,"href":"https:\/\/www.fastcloudconsulting.com\/es\/wp-json\/wp\/v2\/posts\/515\/revisions\/521"}],"wp:featuredmedia":[{"embeddable":true,"href":"https:\/\/www.fastcloudconsulting.com\/es\/wp-json\/wp\/v2\/media\/520"}],"wp:attachment":[{"href":"https:\/\/www.fastcloudconsulting.com\/es\/wp-json\/wp\/v2\/media?parent=515"}],"wp:term":[{"taxonomy":"category","embeddable":true,"href":"https:\/\/www.fastcloudconsulting.com\/es\/wp-json\/wp\/v2\/categories?post=515"},{"taxonomy":"post_tag","embeddable":true,"href":"https:\/\/www.fastcloudconsulting.com\/es\/wp-json\/wp\/v2\/tags?post=515"}],"curies":[{"name":"wp","href":"https:\/\/api.w.org\/{rel}","templated":true}]}}